{"@context":"https:\/\/schema.org\/","@type":"CollectionPage","@id":"https:\/\/www.gcma.cz\/veda\/#CollectionPage","headline":"V\u011bda Category","description":"","url":"https:\/\/www.gcma.cz\/veda\/","hasPart":[{"@type":"Article","@id":"https:\/\/www.gcma.cz\/jak-se-vyvinulo-peri\/","headline":"Jak se vyvinulo pe\u0159\u00ed","url":"https:\/\/www.gcma.cz\/jak-se-vyvinulo-peri\/","datePublished":"2023-10-06","dateModified":"2023-12-07","mainEntityOfPage":"https:\/\/www.gcma.cz\/jak-se-vyvinulo-peri\/","author":{"@type":"Person","@id":"https:\/\/www.gcma.cz\/author\/#Person","name":"","url":"https:\/\/www.gcma.cz\/author\/","identifier":1,"image":{"@type":"ImageObject","@id":"https:\/\/secure.gravatar.com\/avatar\/664d9cd24f58d4d0b526991e1fec4656a216f6db124bbd66c69ade0e846d4f16?s=96&d=mm&r=g","url":"https:\/\/secure.gravatar.com\/avatar\/664d9cd24f58d4d0b526991e1fec4656a216f6db124bbd66c69ade0e846d4f16?s=96&d=mm&r=g","height":96,"width":96}},"publisher":{"@type":"Organization","name":"gcma.cz","logo":{"@type":"ImageObject","@id":"\/logo.png","url":"\/logo.png","width":600,"height":60}},"image":{"@type":"ImageObject","@id":"https:\/\/www.gcma.cz\/wp-content\/uploads\/peri1_1.jpg","url":"https:\/\/www.gcma.cz\/wp-content\/uploads\/peri1_1.jpg","height":0,"width":0},"keywords":null},{"@type":"Article","@id":"https:\/\/www.gcma.cz\/proc-tolik-lidi-dnes-tihne-k-pseudovede\/","headline":"Pro\u010d tolik lid\u00ed dnes t\u00edhne k pseudov\u011bd\u011b","url":"https:\/\/www.gcma.cz\/proc-tolik-lidi-dnes-tihne-k-pseudovede\/","datePublished":"2023-08-23","dateModified":"2024-04-23","mainEntityOfPage":"https:\/\/www.gcma.cz\/proc-tolik-lidi-dnes-tihne-k-pseudovede\/","author":{"@type":"Person","@id":"https:\/\/www.gcma.cz\/author\/#Person","name":"","url":"https:\/\/www.gcma.cz\/author\/","identifier":1,"image":{"@type":"ImageObject","@id":"https:\/\/secure.gravatar.com\/avatar\/664d9cd24f58d4d0b526991e1fec4656a216f6db124bbd66c69ade0e846d4f16?s=96&d=mm&r=g","url":"https:\/\/secure.gravatar.com\/avatar\/664d9cd24f58d4d0b526991e1fec4656a216f6db124bbd66c69ade0e846d4f16?s=96&d=mm&r=g","height":96,"width":96}},"publisher":{"@type":"Organization","name":"gcma.cz","logo":{"@type":"ImageObject","@id":"\/logo.png","url":"\/logo.png","width":600,"height":60}},"image":{"@type":"ImageObject","@id":"https:\/\/www.gcma.cz\/wp-content\/uploads\/hvezdy4_1.jpg","url":"https:\/\/www.gcma.cz\/wp-content\/uploads\/hvezdy4_1.jpg","height":0,"width":0},"keywords":null},{"@type":"Article","@id":"https:\/\/www.gcma.cz\/jak-je-mozne-ze-necitime-pohyb-zeme\/","headline":"Jak je mo\u017en\u00e9, \u017ee nec\u00edt\u00edme pohyb Zem\u011b","url":"https:\/\/www.gcma.cz\/jak-je-mozne-ze-necitime-pohyb-zeme\/","datePublished":"2023-08-19","dateModified":"2023-08-19","mainEntityOfPage":"https:\/\/www.gcma.cz\/jak-je-mozne-ze-necitime-pohyb-zeme\/","author":{"@type":"Person","@id":"https:\/\/www.gcma.cz\/author\/#Person","name":"","url":"https:\/\/www.gcma.cz\/author\/","identifier":1,"image":{"@type":"ImageObject","@id":"https:\/\/secure.gravatar.com\/avatar\/664d9cd24f58d4d0b526991e1fec4656a216f6db124bbd66c69ade0e846d4f16?s=96&d=mm&r=g","url":"https:\/\/secure.gravatar.com\/avatar\/664d9cd24f58d4d0b526991e1fec4656a216f6db124bbd66c69ade0e846d4f16?s=96&d=mm&r=g","height":96,"width":96}},"publisher":{"@type":"Organization","name":"gcma.cz","logo":{"@type":"ImageObject","@id":"\/logo.png","url":"\/logo.png","width":600,"height":60}},"image":{"@type":"ImageObject","@id":"https:\/\/www.gcma.cz\/wp-content\/uploads\/atmosfera2_3.jpg","url":"https:\/\/www.gcma.cz\/wp-content\/uploads\/atmosfera2_3.jpg","height":0,"width":0},"keywords":null},{"@type":"Article","@id":"https:\/\/www.gcma.cz\/co-presne-je-globalni-zmena-klimatu\/","headline":"Co p\u0159esn\u011b je glob\u00e1ln\u00ed zm\u011bna klimatu","url":"https:\/\/www.gcma.cz\/co-presne-je-globalni-zmena-klimatu\/","datePublished":"2023-01-07","dateModified":"2023-06-07","mainEntityOfPage":"https:\/\/www.gcma.cz\/co-presne-je-globalni-zmena-klimatu\/","author":{"@type":"Person","@id":"https:\/\/www.gcma.cz\/author\/#Person","name":"","url":"https:\/\/www.gcma.cz\/author\/","identifier":1,"image":{"@type":"ImageObject","@id":"https:\/\/secure.gravatar.com\/avatar\/664d9cd24f58d4d0b526991e1fec4656a216f6db124bbd66c69ade0e846d4f16?s=96&d=mm&r=g","url":"https:\/\/secure.gravatar.com\/avatar\/664d9cd24f58d4d0b526991e1fec4656a216f6db124bbd66c69ade0e846d4f16?s=96&d=mm&r=g","height":96,"width":96}},"publisher":{"@type":"Organization","name":"gcma.cz","logo":{"@type":"ImageObject","@id":"\/logo.png","url":"\/logo.png","width":600,"height":60}},"image":{"@type":"ImageObject","@id":"https:\/\/www.gcma.cz\/wp-content\/uploads\/globotep1_6.jpg","url":"https:\/\/www.gcma.cz\/wp-content\/uploads\/globotep1_6.jpg","height":0,"width":0},"keywords":null}]}