[{"@context":"https:\/\/schema.org\/","@type":"Article","@id":"https:\/\/www.gcma.cz\/profi-uklid-pro-vasi-firmu\/#Article","mainEntityOfPage":"https:\/\/www.gcma.cz\/profi-uklid-pro-vasi-firmu\/","headline":"Profi \u00faklid pro va\u0161i firmu","name":"Profi \u00faklid pro va\u0161i firmu","description":"Ka\u017edodenn\u00ed \u00faklid dom\u00e1cnosti m\u016f\u017ee b\u00fdt n\u00e1ro\u010dn\u00fd \u00fakol, zejm\u00e9na pokud se o \u00faklid star\u00e1 v\u011bt\u0161inou jeden a ten sam\u00fd \u010dlov\u011bk. Rodiny jsou nastaven\u00e9 tak, \u017ee pokud je \u017eena na mate\u0159sk\u00e9 dovolen\u00e9 s d\u00edt\u011btem, star\u00e1 se o dom\u00e1cnost ona, proto\u017ee mu\u017e chod\u00ed do pr\u00e1ce. \u017dena se tedy star\u00e1 o d\u00edt\u011b, ukl\u00edz\u00ed, va\u0159\u00ed a pe\u010de, a v dne\u0161n\u00ed ... <a href=\"https:\/\/www.gcma.cz\/profi-uklid-pro-vasi-firmu\/\" class=\"more-link\">P\u0159e\u010d\u00edst<span class=\"screen-reader-text\"> \"Profi \u00faklid pro va\u0161i firmu\"<\/span> &raquo;<\/a>","datePublished":"2023-06-19","dateModified":"2023-10-20","author":{"@type":"Person","@id":"https:\/\/www.gcma.cz\/author\/#Person","name":"","url":"https:\/\/www.gcma.cz\/author\/","identifier":1,"image":{"@type":"ImageObject","@id":"https:\/\/secure.gravatar.com\/avatar\/664d9cd24f58d4d0b526991e1fec4656a216f6db124bbd66c69ade0e846d4f16?s=96&d=mm&r=g","url":"https:\/\/secure.gravatar.com\/avatar\/664d9cd24f58d4d0b526991e1fec4656a216f6db124bbd66c69ade0e846d4f16?s=96&d=mm&r=g","height":96,"width":96}},"publisher":{"@type":"Organization","name":"gcma.cz","logo":{"@type":"ImageObject","@id":"\/logo.png","url":"\/logo.png","width":600,"height":60}},"image":{"@type":"ImageObject","@id":"https:\/\/www.gcma.cz\/wp-content\/uploads\/cleaning-4098410_640_6.jpg","url":"https:\/\/www.gcma.cz\/wp-content\/uploads\/cleaning-4098410_640_6.jpg","height":0,"width":0},"url":"https:\/\/www.gcma.cz\/profi-uklid-pro-vasi-firmu\/","about":["Byznys"],"wordCount":423,"articleBody":"        Ka\u017edodenn\u00ed \u00faklid dom\u00e1cnosti m\u016f\u017ee b\u00fdt n\u00e1ro\u010dn\u00fd \u00fakol, zejm\u00e9na pokud se o \u00faklid star\u00e1 v\u011bt\u0161inou jeden a ten sam\u00fd \u010dlov\u011bk. Rodiny jsou nastaven\u00e9 tak, \u017ee pokud je \u017eena na mate\u0159sk\u00e9 dovolen\u00e9 s d\u00edt\u011btem, star\u00e1 se o dom\u00e1cnost ona, proto\u017ee mu\u017e chod\u00ed do pr\u00e1ce. \u017dena se tedy star\u00e1 o d\u00edt\u011b, ukl\u00edz\u00ed, va\u0159\u00ed a pe\u010de, a v dne\u0161n\u00ed dob\u011b m\u00e1 mnoho \u017een na mate\u0159sk\u00e9 dovolen\u00e9 i p\u0159iv\u00fdd\u011blek. V moment\u011b kdy se \u017eena vr\u00e1t\u00ed do pr\u00e1ce nejsp\u00ed\u0161 z\u016fstane v\u0161echna p\u00e9\u010de o dom\u00e1cnost na n\u00ed i nad\u00e1le. Naprost\u00e1 v\u011bt\u0161ina mu\u017e\u016f je i v dne\u0161n\u00ed modern\u00ed dob\u011b vychov\u00e1v\u00e1na tak, \u017ee za chod dom\u00e1cnosti je zodpov\u011bdn\u00e1 \u017eena za jak\u00e9koliv okolnosti. A to je chyba. Probl\u00e9m je to i v p\u0159\u00edpad\u011b, \u017ee se jedn\u00e1 o p\u00e9\u010di nap\u0159\u00edklad o firmu.Rodinn\u00e9 firmy se mus\u00ed ukl\u00edzet taky M\u00e1te rodinn\u00fd z\u00e1vod? Nez\u00e1le\u017e\u00ed na tom jak velkou firmu m\u00e1te, ale jde o to, abyste ji dok\u00e1zali udr\u017eet v chodu. Chod firmy nen\u00ed jen o tom \u017ee se n\u011bco prod\u00e1v\u00e1 nebo vyr\u00e1b\u00ed, ale i o p\u00e9\u010di o zam\u011bstnance. I zam\u011bstnanci pot\u0159ebuj\u00ed m\u00edt ur\u010dit\u00e9 z\u00e1zem\u00ed pro to, aby mohli pracovat, a koneckonc\u016f je to i povinnost ze z\u00e1kona. Zam\u011bstnanci mus\u00ed m\u00edt takov\u00e9 pracovn\u00ed podm\u00ednky, aby m\u011bli svoje z\u00e1zem\u00ed, kde bude soci\u00e1ln\u00ed za\u0159\u00edzen\u00ed, mo\u017enost si odpo\u010dinout a sn\u00edst j\u00eddlo. Z\u00e1le\u017e\u00ed v\u017edy na druhu provozu, ale v podstat\u011b ka\u017edou firmu je pot\u0159eba udr\u017eovat v ur\u010dit\u00e9 \u010distot\u011b. K \u00faklidu se pou\u017e\u00edv\u00e1 klasick\u00e9 ru\u010dn\u00ed \u010di\u0161t\u011bn\u00ed a nebo strojn\u00ed \u010di\u0161t\u011bn\u00ed, v\u017edy z\u00e1le\u017e\u00ed na ka\u017ed\u00e9 firm\u011b.U men\u0161\u00edch firem je pom\u011brn\u011b \u010dast\u00fd fenom\u00e9n, \u017ee man\u017eelky \u010di jin\u00e9 rodinn\u00e9 p\u0159\u00edslu\u0161nice se staraj\u00ed nap\u0159\u00edklad o \u00faklid kancel\u00e1\u0159\u00ed, kter\u00e9 v men\u0161\u00edch firm\u00e1ch neb\u00fdvaj\u00ed velk\u00e9 prostory k \u00faklidu, a tak je pro mnoho firem p\u0159ijateln\u011bj\u0161\u00ed kdy\u017e uklid\u00ed n\u011bkdo z rodiny. Kdy\u017e je to alespo\u0148 trochu mo\u017en\u00e9, je lep\u0161\u00ed povolat \u00faklidovou firmu, kter\u00e1 v\u0161echno uklid\u00ed rychle a za dobrou cenu. V cen\u011b za \u00faklid b\u00fdvaj\u00ed i \u00faklidov\u00e9 prost\u0159edky. Sou\u010d\u00e1st\u00ed \u00faklidu kancel\u00e1\u0159\u00ed b\u00fdv\u00e1 luxov\u00e1n\u00ed, vyt\u00edr\u00e1n\u00ed a ut\u00edr\u00e1n\u00ed prachu.                                                                                                                                                                                                                                                                                                                                                                                                  "},{"@context":"https:\/\/schema.org\/","@type":"BreadcrumbList","itemListElement":[{"@type":"ListItem","position":1,"name":"Profi \u00faklid pro va\u0161i firmu","item":"https:\/\/www.gcma.cz\/profi-uklid-pro-vasi-firmu\/#breadcrumbitem"}]}]