[{"@context":"https:\/\/schema.org\/","@type":"Article","@id":"https:\/\/www.gcma.cz\/pohoda-a-relax\/#Article","mainEntityOfPage":"https:\/\/www.gcma.cz\/pohoda-a-relax\/","headline":"Pohoda a relax","name":"Pohoda a relax","description":"Kdo by nem\u011bla r\u00e1d pohodu a relax, zvl\u00e1\u0161t\u011b, kdy\u017e se vr\u00e1t\u00ed po vy\u010derp\u00e1vaj\u00edc\u00edm dni ze zam\u011bstn\u00e1n\u00ed. Kdo by si r\u00e1d neodpo\u010dinul a neoddechl. Kdo by necht\u011bl prot\u00e1hnout svaly, d\u00e1t oddechnout \u0161lach\u00e1m, kloub\u016fm, nechat se h\u00fd\u010dkat p\u0159\u00edjemn\u011b a\u017e na hranici sp\u00e1nku. Relaxovat fyzicky i du\u0161evn\u011b. A co je k takov\u00e9mu \u00fa\u010delu lep\u0161\u00ed, ne\u017e vodn\u00ed l\u00e1ze\u0148 a ... <a href=\"https:\/\/www.gcma.cz\/pohoda-a-relax\/\" class=\"more-link\">P\u0159e\u010d\u00edst<span class=\"screen-reader-text\"> \"Pohoda a relax\"<\/span> &raquo;<\/a>","datePublished":"2025-01-10","dateModified":"2025-01-10","author":{"@type":"Person","@id":"https:\/\/www.gcma.cz\/author\/#Person","name":"","url":"https:\/\/www.gcma.cz\/author\/","identifier":1,"image":{"@type":"ImageObject","@id":"https:\/\/secure.gravatar.com\/avatar\/664d9cd24f58d4d0b526991e1fec4656a216f6db124bbd66c69ade0e846d4f16?s=96&d=mm&r=g","url":"https:\/\/secure.gravatar.com\/avatar\/664d9cd24f58d4d0b526991e1fec4656a216f6db124bbd66c69ade0e846d4f16?s=96&d=mm&r=g","height":96,"width":96}},"publisher":{"@type":"Organization","name":"gcma.cz","logo":{"@type":"ImageObject","@id":"\/logo.png","url":"\/logo.png","width":600,"height":60}},"url":"https:\/\/www.gcma.cz\/pohoda-a-relax\/","wordCount":185,"articleBody":"Kdo by nem\u011bla r\u00e1d pohodu a relax, zvl\u00e1\u0161t\u011b, kdy\u017e se vr\u00e1t\u00ed po vy\u010derp\u00e1vaj\u00edc\u00edm dni ze zam\u011bstn\u00e1n\u00ed. Kdo by si r\u00e1d neodpo\u010dinul a neoddechl. Kdo by necht\u011bl prot\u00e1hnout svaly, d\u00e1t oddechnout \u0161lach\u00e1m, kloub\u016fm, nechat se h\u00fd\u010dkat p\u0159\u00edjemn\u011b a\u017e na hranici sp\u00e1nku. Relaxovat fyzicky i du\u0161evn\u011b. A co je k takov\u00e9mu \u00fa\u010delu lep\u0161\u00ed, ne\u017e vodn\u00ed l\u00e1ze\u0148 a nav\u00edc je\u0161t\u011b t\u0159eba mas\u00e1\u017en\u00ed, \u017ee ano? Oded\u00e1vna voda l\u00e9\u010d\u00ed Nen\u00ed asi n\u00e1hodou, \u017ee oded\u00e1vna se nejen lid\u00e9, ale i jin\u00ed \u017eivo\u010dichov\u00e9 odd\u00e1vali relaxaci a oddechu ve vodn\u00edch l\u00e1zn\u00edch. Tedy, d\u0159\u00edve to byly sp\u00ed\u0161e jen vodn\u00ed toky, t\u016fn\u011b, prameny, jez\u00edrka. Podstata v\u0161ak z\u016fstala stejn\u00e1. A dodnes se sloni, hro\u0161i, ale i jin\u00e1 zv\u00ed\u0159ata, odd\u00e1vaj\u00ed vodn\u00edm hr\u00e1tk\u00e1m, nebo \u2013 jako divok\u00e1 prasata \u2013 bahenn\u00edm l\u00e1zn\u00edm. Kdysi vodn\u00ed pe\u0159eje d\u011blaly stejnou pr\u00e1ci jako dne\u0161n\u00ed sofistikovan\u00e9 v\u00ed\u0159ivky. Jenom podstatn\u011b levn\u011bji.                                                                                                                                                                                                                                                                                                                                                                                                "},{"@context":"https:\/\/schema.org\/","@type":"BreadcrumbList","itemListElement":[{"@type":"ListItem","position":1,"name":"Pohoda a relax","item":"https:\/\/www.gcma.cz\/pohoda-a-relax\/#breadcrumbitem"}]}]