[{"@context":"https:\/\/schema.org\/","@type":"Article","@id":"https:\/\/www.gcma.cz\/obuv-pro-vas-dobry-pocit-i-osobity-styl\/#Article","mainEntityOfPage":"https:\/\/www.gcma.cz\/obuv-pro-vas-dobry-pocit-i-osobity-styl\/","headline":"Obuv pro V\u00e1\u0161 dobr\u00fd pocit i osobit\u00fd styl","name":"Obuv pro V\u00e1\u0161 dobr\u00fd pocit i osobit\u00fd styl","description":"P\u0159\u00edkladnou p\u00e9\u010di V\u00e1m i Va\u0161im noh\u00e1m poskytnou kvalitn\u00ed boty mellisa, kter\u00e9 reprezentuj\u00ed ve\u0161ker\u00e9 parametry materi\u00e1lov\u00e9 jakosti vysok\u00e9 \u00farovn\u011b i po\u017eadavky elegantn\u00edho stylu. Nechejte se polapit do sv\u016fdn\u00e9 bonb\u00f3nov\u00e9 v\u016fn\u011b, kterou kolem sebe \u0161\u00ed\u0159\u00ed majitelky balerinek, sand\u00e1l\u016f i lodi\u010dek z kolekce boty mellisa. Sta\u010d\u00ed si konkr\u00e9tn\u00ed model z nejnov\u011bj\u0161\u00edho sortimentu vybrat na ov\u011b\u0159en\u00e9 internetov\u00e9 adrese, jej\u00ed\u017e ... <a href=\"https:\/\/www.gcma.cz\/obuv-pro-vas-dobry-pocit-i-osobity-styl\/\" class=\"more-link\">P\u0159e\u010d\u00edst<span class=\"screen-reader-text\"> \"Obuv pro V\u00e1\u0161 dobr\u00fd pocit i osobit\u00fd styl\"<\/span> &raquo;<\/a>","datePublished":"2024-03-26","dateModified":"2024-03-26","author":{"@type":"Person","@id":"https:\/\/www.gcma.cz\/author\/#Person","name":"","url":"https:\/\/www.gcma.cz\/author\/","identifier":1,"image":{"@type":"ImageObject","@id":"https:\/\/secure.gravatar.com\/avatar\/664d9cd24f58d4d0b526991e1fec4656a216f6db124bbd66c69ade0e846d4f16?s=96&d=mm&r=g","url":"https:\/\/secure.gravatar.com\/avatar\/664d9cd24f58d4d0b526991e1fec4656a216f6db124bbd66c69ade0e846d4f16?s=96&d=mm&r=g","height":96,"width":96}},"publisher":{"@type":"Organization","name":"gcma.cz","logo":{"@type":"ImageObject","@id":"\/logo.png","url":"\/logo.png","width":600,"height":60}},"url":"https:\/\/www.gcma.cz\/obuv-pro-vas-dobry-pocit-i-osobity-styl\/","wordCount":202,"articleBody":"\tP\u0159\u00edkladnou p\u00e9\u010di V\u00e1m i Va\u0161im noh\u00e1m poskytnou kvalitn\u00ed boty mellisa, kter\u00e9 reprezentuj\u00ed ve\u0161ker\u00e9 parametry materi\u00e1lov\u00e9 jakosti vysok\u00e9 \u00farovn\u011b i po\u017eadavky elegantn\u00edho stylu. Nechejte se polapit do sv\u016fdn\u00e9 bonb\u00f3nov\u00e9 v\u016fn\u011b, kterou kolem sebe \u0161\u00ed\u0159\u00ed majitelky balerinek, sand\u00e1l\u016f i lodi\u010dek z kolekce boty mellisa. Sta\u010d\u00ed si konkr\u00e9tn\u00ed model z nejnov\u011bj\u0161\u00edho sortimentu vybrat na ov\u011b\u0159en\u00e9 internetov\u00e9 adrese, jej\u00ed\u017e provozovatel m\u00e1 tvarov\u011b i barevn\u011b r\u016fznorodou obuv na sklad\u011b. Vlo\u017ete produkt do virtu\u00e1ln\u00edho n\u00e1kupn\u00edho ko\u0161\u00edku a \u010dekejte na jeho expresn\u00ed doru\u010den\u00ed.\tPoskytujeme sympatick\u00e9 cenov\u00e9 bonusy\tPod ochranou kvalitn\u00edch materi\u00e1l\u016f s v\u00fdsadn\u00edm postaven\u00edm v oboru obuvnick\u00e9ho um\u011bn\u00ed se budou Va\u0161e nohy c\u00edtit doslova jako v bavlnce. U\u017eijte si nejkr\u00e1sn\u011bj\u0161\u00ed sezonu v dokonal\u00e9m obalu, kter\u00fd reprezentuj\u00ed boty mellisa. Jejich design je vhodn\u00fd nejen pro ka\u017edodenn\u00ed no\u0161en\u00ed, ale skv\u011ble se uplatn\u00ed tak\u00e9 v p\u0159\u00edpad\u011b, \u017ee vyr\u00e1\u017e\u00edte s p\u0159\u00e1teli za z\u00e1bavou. Dop\u0159ejte si ve Va\u0161em \u017eivot\u011b kousek zna\u010dkov\u00e9ho luxusu, kter\u00fd si m\u016f\u017eete po\u0159\u00eddit za nijak p\u0159emr\u0161t\u011bn\u00e9 ceny.                                                                                                                                                                                                                                                                                                                                                                                                 "},{"@context":"https:\/\/schema.org\/","@type":"BreadcrumbList","itemListElement":[{"@type":"ListItem","position":1,"name":"Obuv pro V\u00e1\u0161 dobr\u00fd pocit i osobit\u00fd styl","item":"https:\/\/www.gcma.cz\/obuv-pro-vas-dobry-pocit-i-osobity-styl\/#breadcrumbitem"}]}]