[{"@context":"https:\/\/schema.org\/","@type":"Article","@id":"https:\/\/www.gcma.cz\/mobil-je-urcen-pro-vsechny\/#Article","mainEntityOfPage":"https:\/\/www.gcma.cz\/mobil-je-urcen-pro-vsechny\/","headline":"Mobil je ur\u010den pro v\u0161echny","name":"Mobil je ur\u010den pro v\u0161echny","description":"V dne&Aring;&iexcl;n&Atilde;&shy; dob&Auml;&#8250; se nikdo ur&Auml;it&Auml;&#8250; neobejde bez mobilu. Proto&Aring;&frac34;e kohokoliv j&Atilde;&iexcl; potk&Atilde;&iexcl;m, tak v&Aring;&frac34;dycky m&Atilde;&iexcl; v ruce n&Auml;&#8250;kdo telefon. Nejhor&Aring;&iexcl;&Atilde;&shy; na tom je, &Aring;&frac34;e maminky na mate&Aring;&#8482;sk&Atilde;&copy;, kter&Atilde;&copy; vezou ko&Auml;&Atilde;&iexcl;rek, tak najednou vid&Atilde;&shy; v&Aring;&iexcl;ichni, &Aring;&frac34;e maminka je na telefonu. Mn&Auml;&#8250; to p&Aring;&#8482;ipad&Atilde;&iexcl; velice norm&Atilde;&iexcl;ln&Atilde;&shy;, proto&Aring;&frac34;e p&Aring;&#8482;ece i maminka m&Atilde;&iexcl; n&Atilde;&iexcl;rok a pr&Atilde;&iexcl;vo na to, ... <a href=\"https:\/\/www.gcma.cz\/mobil-je-urcen-pro-vsechny\/\" class=\"more-link\">P\u0159e\u010d\u00edst<span class=\"screen-reader-text\"> \"Mobil je ur\u010den pro v\u0161echny\"<\/span> &raquo;<\/a>","datePublished":"2023-10-26","dateModified":"2024-01-26","author":{"@type":"Person","@id":"https:\/\/www.gcma.cz\/author\/#Person","name":"","url":"https:\/\/www.gcma.cz\/author\/","identifier":1,"image":{"@type":"ImageObject","@id":"https:\/\/secure.gravatar.com\/avatar\/664d9cd24f58d4d0b526991e1fec4656a216f6db124bbd66c69ade0e846d4f16?s=96&d=mm&r=g","url":"https:\/\/secure.gravatar.com\/avatar\/664d9cd24f58d4d0b526991e1fec4656a216f6db124bbd66c69ade0e846d4f16?s=96&d=mm&r=g","height":96,"width":96}},"publisher":{"@type":"Organization","name":"gcma.cz","logo":{"@type":"ImageObject","@id":"\/logo.png","url":"\/logo.png","width":600,"height":60}},"image":{"@type":"ImageObject","@id":"https:\/\/www.gcma.cz\/wp-content\/uploads\/winter-background-gc9b59c5ba_640_3.jpg","url":"https:\/\/www.gcma.cz\/wp-content\/uploads\/winter-background-gc9b59c5ba_640_3.jpg","height":0,"width":0},"url":"https:\/\/www.gcma.cz\/mobil-je-urcen-pro-vsechny\/","about":["Mobil"],"wordCount":862,"articleBody":"V dne&Aring;&iexcl;n&Atilde;&shy; dob&Auml;&#8250; se nikdo ur&Auml;it&Auml;&#8250; neobejde bez mobilu. Proto&Aring;&frac34;e kohokoliv j&Atilde;&iexcl; potk&Atilde;&iexcl;m, tak v&Aring;&frac34;dycky m&Atilde;&iexcl; v ruce n&Auml;&#8250;kdo telefon. Nejhor&Aring;&iexcl;&Atilde;&shy; na tom je, &Aring;&frac34;e maminky na mate&Aring;&#8482;sk&Atilde;&copy;, kter&Atilde;&copy; vezou ko&Auml;&Atilde;&iexcl;rek, tak najednou vid&Atilde;&shy; v&Aring;&iexcl;ichni, &Aring;&frac34;e maminka je na telefonu. Mn&Auml;&#8250; to p&Aring;&#8482;ipad&Atilde;&iexcl; velice norm&Atilde;&iexcl;ln&Atilde;&shy;, proto&Aring;&frac34;e p&Aring;&#8482;ece i maminka m&Atilde;&iexcl; n&Atilde;&iexcl;rok a pr&Atilde;&iexcl;vo na to, aby se d&Atilde;&shy;vala do mobilu. Nech&Atilde;&iexcl;pu, co to znamen&Atilde;&iexcl; jako &Aring;&frac34;e by se maminka nemohla d&Atilde;&shy;vat do mobilu. Kdy&Aring;&frac34; v&Auml;&#8250;&Aring;&frac34;e maminka ko&Auml;&Atilde;&iexcl;rek nebo jde s d&Atilde;&shy;t&Auml;&#8250;tem, tak dne&Aring;&iexcl;n&Atilde;&shy; doba je prost&Auml;&#8250; mobiln&Atilde;&shy; a v&Aring;&iexcl;ichni jsou na telefonech. Samoz&Aring;&#8482;ejm&Auml;&#8250; se to t&Atilde;&frac12;k&Atilde;&iexcl; &Atilde;&ordm;pln&Auml;&#8250; v&Aring;&iexcl;ech a samoz&Aring;&#8482;ejm&Auml;&#8250; nen&Atilde;&shy; co komu vyt&Atilde;&frac12;kat ani mamink&Atilde;&iexcl;m. Maminky m&Aring;&macr;&Aring;&frac34;ou s d&Auml;&#8250;tmi b&Atilde;&frac12;t p&Aring;&#8482;ece taky na mobilu, proto&Aring;&frac34;e stejn&Auml;&#8250; d&Auml;&#8250;ti maminky hl&Atilde;&shy;daj&Atilde;&shy;, tak &Auml;i tak. Pod&Atilde;&shy;vat se p&Aring;&#8482;ece do mobilu m&Aring;&macr;&Aring;&frac34;ou, nen&Atilde;&shy; v tom &Aring;&frac34;&Atilde;&iexcl;dn&Atilde;&frac12; probl&Atilde;&copy;m. Nech&Atilde;&iexcl;pu n&Atilde;&iexcl;zory t&Auml;&#8250;ch, kte&Aring;&#8482;&Atilde;&shy; tvrd&Atilde;&shy;, &Aring;&frac34;e maminky na mate&Aring;&#8482;sk&Atilde;&copy; jenom koukaj&Atilde;&shy; do mobilu a nic jin&Atilde;&copy;ho ned&Auml;&#8250;laj&Atilde;&shy;. Takhle to p&Aring;&#8482;ece v&Aring;&macr;bec nefunguje. Ka&Aring;&frac34;d&Atilde;&frac12; &Auml;lov&Auml;&#8250;k m&Atilde;&iexcl; pr&Atilde;&iexcl;vo na to ve sv&Atilde;&copy;m &Aring;&frac34;ivot&Auml;&#8250;, aby si d&Auml;&#8250;lal, co chce a nikdo nem&Aring;&macr;&Aring;&frac34;e mluvit do soukrom&Atilde;&shy; druh&Atilde;&copy;mu. Kdy&Aring;&frac34; maminka se d&Atilde;&shy;v&Atilde;&iexcl; do mobilu, tak na tom nen&Atilde;&shy; nic &Aring;&iexcl;patn&Atilde;&copy;ho. A samoz&Aring;&#8482;ejm&Auml;&#8250; m&Aring;&macr;&Aring;&frac34;e i d&Atilde;&shy;t&Auml;&#8250;ti pustit poh&Atilde;&iexcl;dky. Co by m&Auml;&#8250;lo d&Atilde;&shy;t&Auml;&#8250; ohrozit proti tomu, &Aring;&frac34;e maminka kouk&Atilde;&iexcl; do mobilu. No, p&Aring;&#8482;eci v&Aring;&macr;bec nic.Tak&Aring;&frac34;e kdo je proti tomu, kdy&Aring;&frac34; maminka kouk&Atilde;&iexcl; do mobilu, kdy&Aring;&frac34; je s d&Atilde;&shy;t&Auml;&#8250;tem venku, tak si mysl&Atilde;&shy;m &Aring;&frac34;e na tom nen&Atilde;&shy; v&Aring;&macr;bec nic, co by n&Auml;&#8250;co m&Auml;&#8250;lo ovliv&Aring;&#710;ovat nebo b&Atilde;&frac12;t ovliv&Aring;&#710;ov&Atilde;&iexcl;no na d&Atilde;&shy;t&Auml;&#8250;ti. J&Atilde;&iexcl; osobn&Auml;&#8250; &Aring;&frac34;&Atilde;&iexcl;dn&Atilde;&copy; takov&Atilde;&copy; v&Auml;&#8250;ci ne&Aring;&#8482;e&Aring;&iexcl;&Atilde;&shy;m, nepot&Aring;&#8482;ebuji je &Aring;&#8482;e&Aring;&iexcl;it. P&Aring;&#8482;ipad&Atilde;&iexcl; mi to zbyte&Auml;n&Atilde;&copy; posuzovat n&Auml;&#8250;jakou maminku na mate&Aring;&#8482;sk&Atilde;&copy;, &Aring;&frac34;e kouk&Atilde;&iexcl; do mobilu. Ur&Auml;it&Auml;&#8250; je to jej&Atilde;&shy; v&Auml;&#8250;c a ur&Auml;it&Auml;&#8250; na tom nen&Atilde;&shy; nic &Aring;&iexcl;patn&Atilde;&copy;ho. Lidi, co se pr&Atilde;&iexcl;v&Auml;&#8250; zab&Atilde;&frac12;vaj&Atilde;&shy; t&Auml;&#8250;mito v&Auml;&#8250;cmi, kdy&Aring;&frac34; t&Aring;&#8482;eba maminky koukaj&Atilde;&shy; do mobilu, tak to jsou asi lid&Atilde;&copy;, kte&Aring;&#8482;&Atilde;&shy; nemaj&Atilde;&shy; co d&Auml;&#8250;lat, proto&Aring;&frac34;e v&Aring;&iexcl;ichni maj&Atilde;&shy; pr&Atilde;&iexcl;vo na svoje soukrom&Atilde;&shy; a ka&Aring;&frac34;d&Atilde;&frac12; si m&Aring;&macr;&Aring;&frac34;e d&Auml;&#8250;lat co chce. Nen&Atilde;&shy; &Aring;&frac34;&Atilde;&iexcl;dn&Atilde;&frac12; d&Aring;&macr;vod posuzovat druh&Atilde;&copy;ho &Auml;lov&Auml;&#8250;ka, proto&Aring;&frac34;e ka&Aring;&frac34;d&Atilde;&frac12; m&Atilde;&iexcl; pr&Atilde;&iexcl;vo na to, co chce pro&Aring;&frac34;&Atilde;&shy;vat, co chce d&Auml;&#8250;lat a je to ka&Aring;&frac34;d&Atilde;&copy;ho osobn&Atilde;&shy; v&Auml;&#8250;c. Je lep&Aring;&iexcl;&Atilde;&shy;, kdy&Aring;&frac34; se &Auml;lov&Auml;&#8250;k star&Atilde;&iexcl; s&Atilde;&iexcl;m o sebe ne&Aring;&frac34; o druh&Atilde;&copy;.                                                                                                                                                                                                                                                                                                                                                                                                "},{"@context":"https:\/\/schema.org\/","@type":"BreadcrumbList","itemListElement":[{"@type":"ListItem","position":1,"name":"Mobil je ur\u010den pro v\u0161echny","item":"https:\/\/www.gcma.cz\/mobil-je-urcen-pro-vsechny\/#breadcrumbitem"}]}]