[{"@context":"https:\/\/schema.org\/","@type":"Article","@id":"https:\/\/www.gcma.cz\/deti-a-laska\/#Article","mainEntityOfPage":"https:\/\/www.gcma.cz\/deti-a-laska\/","headline":"D\u011bti a l\u00e1ska","name":"D\u011bti a l\u00e1ska","description":"Je opravdu hodn\u011b typ\u016f l\u00e1sky, kterou \u010dlov\u011bk m\u016f\u017ee za\u017e\u00edt. A to nemluv\u00edm o t\u00e9 nejsiln\u011bj\u0161\u00ed l\u00e1sce, kter\u00e9 se \u0159\u00edk\u00e1 l\u00e1ska mate\u0159sk\u00e1. A v\u00edm to podle sebe, kdy\u017e jsem pl\u00e1novala s p\u0159\u00edtelem d\u00edt\u011b. Ze za\u010d\u00e1tku jsem v\u016fbec netu\u0161ila, \u017ee l\u00e1ska m\u016f\u017ee b\u00fdt tak velk\u00e1, a tak v\u0159el\u00e1 k n\u011bkomu, koho zrovna porod\u00edte. Kdy\u017e jsem ot\u011bhotn\u011bla, tak ... <a href=\"https:\/\/www.gcma.cz\/deti-a-laska\/\" class=\"more-link\">P\u0159e\u010d\u00edst<span class=\"screen-reader-text\"> \"D\u011bti a l\u00e1ska\"<\/span> &raquo;<\/a>","datePublished":"2023-01-05","dateModified":"2023-06-06","author":{"@type":"Person","@id":"https:\/\/www.gcma.cz\/author\/#Person","name":"","url":"https:\/\/www.gcma.cz\/author\/","identifier":1,"image":{"@type":"ImageObject","@id":"https:\/\/secure.gravatar.com\/avatar\/664d9cd24f58d4d0b526991e1fec4656a216f6db124bbd66c69ade0e846d4f16?s=96&d=mm&r=g","url":"https:\/\/secure.gravatar.com\/avatar\/664d9cd24f58d4d0b526991e1fec4656a216f6db124bbd66c69ade0e846d4f16?s=96&d=mm&r=g","height":96,"width":96}},"publisher":{"@type":"Organization","name":"gcma.cz","logo":{"@type":"ImageObject","@id":"\/logo.png","url":"\/logo.png","width":600,"height":60}},"image":{"@type":"ImageObject","@id":"https:\/\/www.gcma.cz\/wp-content\/uploads\/hand-1549399_1280.jpg","url":"https:\/\/www.gcma.cz\/wp-content\/uploads\/hand-1549399_1280.jpg","height":0,"width":0},"url":"https:\/\/www.gcma.cz\/deti-a-laska\/","about":["L\u00e1ska"],"wordCount":446,"articleBody":"Je opravdu hodn\u011b typ\u016f l\u00e1sky, kterou \u010dlov\u011bk m\u016f\u017ee za\u017e\u00edt. A to nemluv\u00edm o t\u00e9 nejsiln\u011bj\u0161\u00ed l\u00e1sce, kter\u00e9 se \u0159\u00edk\u00e1 l\u00e1ska mate\u0159sk\u00e1. A v\u00edm to podle sebe, kdy\u017e jsem pl\u00e1novala s p\u0159\u00edtelem d\u00edt\u011b. Ze za\u010d\u00e1tku jsem v\u016fbec netu\u0161ila, \u017ee l\u00e1ska m\u016f\u017ee b\u00fdt tak velk\u00e1, a tak v\u0159el\u00e1 k n\u011bkomu, koho zrovna porod\u00edte. Kdy\u017e jsem ot\u011bhotn\u011bla, tak jsem v\u016fbec \u017e\u00e1dnou mate\u0159skou l\u00e1sku nec\u00edtila. A abych pravdu \u0159ekla, tak jsem se docela b\u00e1la, je to bude v\u0161echno pokra\u010dovat. Jsem n\u011bjak\u00e1 divn\u00e1 nebo pro\u010d se to d\u011bje? byla jsem zmaten\u00e1 a tak\u00e9 z\u00e1rove\u0148 v \u0161oku. Jak to, \u017ee nec\u00edt\u00edm \u017e\u00e1dnou mate\u0159skou l\u00e1sku? Pro\u010d nem\u00e1m r\u00e1da sv\u00e9 d\u00edt\u011b? A kdy\u017e jsem byla v \u0161est\u00e9m a sedm\u00e9m m\u011bs\u00edci, tak jsem v\u016fbec nec\u00edtila \u017e\u00e1dnou mate\u0159skou l\u00e1sku. \u0158\u00edkala jsem si, \u017ee se mnou nen\u00ed ur\u010dit\u011b n\u011bco v po\u0159\u00e1dku, proto\u017ee tohle v\u016fbec nen\u00ed norm\u00e1ln\u00ed. Tak\u017ee jsem sv\u00e9mu p\u0159\u00edteli \u0159ekla, jak\u00fd m\u00e1m probl\u00e9m. A sice jsem mu ne\u0159ekla \u00fapln\u011b celou pravdu, proto\u017ee jsem se styd\u011bla, ale p\u0159\u00edteli jsem \u0159ekla to, \u017ee bych cht\u011bla c\u00edtit opravdu siln\u00fd mate\u0159sk\u00fd cit a velkou l\u00e1sku. Sice jsem byla do p\u0159\u00edtele zamilovan\u00e1, proto\u017ee to tehdy byla l\u00e1ska na prvn\u00ed pohled. Tak\u017ee jsem si \u0159ekla, \u017ee se velice lehko zamiluji, co\u017e je prima. Jenom\u017ee kdy\u017e se jednalo o m\u00e9 t\u011bhotenstv\u00ed, tak jsem v\u016fbec nic nec\u00edtila.Tak\u017ee jsem se potom modlila, abych poc\u00edtila mate\u0159skou l\u00e1sku ihned po porodu. A v\u00edte, jak to nakonec cel\u00e9 dopadlo? Samoz\u0159ejm\u011b, \u017ee jsem se do sv\u00e9ho d\u00edt\u011bte zamilovala opravdu v\u00edce ne\u017e na prvn\u00ed pohled. Jakmile jsem sv\u00e9 d\u00edt\u011b dostala do n\u00e1ru\u010de, tak jsem byla opravdu nad\u0161en\u00e1. Byla jsem p\u0159ekvapen\u00e1, jak tohle m\u016f\u017ee b\u00fdt siln\u00e9. Pokud i vy jste je\u0161t\u011b neza\u017eili mate\u0159skou l\u00e1sku, tak se nebojte. Mate\u0159sk\u00e1 l\u00e1ska opravdu je n\u00e1dhern\u00fd cit a mysl\u00edm si, \u017ee potk\u00e1 skoro ka\u017ed\u00e9ho z n\u00e1s. V\u011b\u0159te mi, \u017ee mate\u0159sk\u00e1 l\u00e1ska je opravdu nejkr\u00e1sn\u011bj\u0161\u00ed l\u00e1ska a cit, kter\u00fd na sv\u011bt\u011b m\u016f\u017ee b\u00fdt. Mate\u0159sk\u00e1 l\u00e1ska p\u0159ed\u010d\u00ed podle m\u00e9ho n\u00e1zoru i l\u00e1sku partnerskou, proto\u017ee zat\u00edm jsem nic lep\u0161\u00edho, ne\u017e mate\u0159skou l\u00e1sku nepoznala.\u00a0                                                                                                                                                                                                                                                                                                                                                                                                "},{"@context":"https:\/\/schema.org\/","@type":"BreadcrumbList","itemListElement":[{"@type":"ListItem","position":1,"name":"D\u011bti a l\u00e1ska","item":"https:\/\/www.gcma.cz\/deti-a-laska\/#breadcrumbitem"}]}]